{"id":479,"date":"2015-10-14T00:00:00","date_gmt":"2015-10-14T00:00:00","guid":{"rendered":"https:\/\/prixvillegiatu.wpengine.com\/gouter-du-verger-the-san-regis-paris-delights\/"},"modified":"2022-09-16T14:26:25","modified_gmt":"2022-09-16T14:26:25","slug":"gouter-du-verger-the-san-regis-paris-delights","status":"publish","type":"post","link":"https:\/\/www.prix-villegiature.com\/en\/gouter-du-verger-the-san-regis-paris-delights\/","title":{"rendered":"\u00ab Go\u00fbter du Verger \u00bb : the San R\u00e9gis Paris delights"},"content":{"rendered":"<p>Au Grand Palais, la Picasso Mania est l\u2019expo du moment. On le sait, les expositions d\u2019art \u00e9puisent. Apr\u00e8s tant de beaut\u00e9, le syndrome de Stendhal qui nous fait tourner la t\u00eate exige qu\u2019on renouvelle nos \u00e9nergies. La bonne direction est donc celle du san R\u00e9gis, o\u00f9 on vient de proposer un go\u00fbter d\u2019exception: le \u201cgouter du verger\u201d. Chaque jour, une nouvelle et d\u00e9licieuse cocotte de fruits est propos\u00e9e, accord\u00e9e aux notes de la saison. Mijot\u00e9s doucement, presant\u00e9s dans \u00a0leur petite cocotte en fonte, les fruits voient leur gout sublim\u00e9. Le gouter \u201chealthy\u201d a trouv\u00e9 son adresse.<\/p>\n<a href=\"https:\/\/prixvillegiatu.wpengine.com\/wp-content\/uploads\/2022\/09\/tumblr_nw79ulub7t1uwej3ko1_500.jpg\"><img class=\"alignnone size-full wp-image-724 lazy\" alt=\"tumblr_nw79ulub7t1uwej3ko1_500\" data-src=\"https:\/\/prixvillegiatu.wpengine.com\/wp-content\/uploads\/2022\/09\/tumblr_nw79ulub7t1uwej3ko1_500.jpg\" width=\"500\" height=\"333\" \/><\/a>\n","protected":false},"excerpt":{"rendered":"<p>In the Grand Palais, \u201cPicassomania\u201d is the exhibition of the moment. The exhibitions of art exhaust. The Syndrome of Stendhal which turns us head requires that we renew our energies. Thu,s the right direction is the one of the San R\u00e9gis Paris for the \u201cGo\u00fbter du Verger\u201d.<\/p>\n","protected":false},"author":13,"featured_media":481,"comment_status":"open","ping_status":"open","sticky":false,"template":"","format":"standard","meta":{"footnotes":""},"categories":[10],"tags":[46,12,15,13],"acf":[],"yoast_head":"<!-- This site is optimized with the Yoast SEO plugin v22.4 - https:\/\/yoast.com\/wordpress\/plugins\/seo\/ -->\n<title>\u00ab Go\u00fbter du Verger \u00bb : the San R\u00e9gis Paris delights - Prix Villegiature<\/title>\n<meta name=\"description\" content=\"In the Grand Palais, \u201cPicassomania\u201d is the exhibition of the moment. The exhibitions of art exhaust. The Syndrome of Stendhal which turns us head requires that we renew our energies. Thu,s the right direction is the one of the San R\u00e9gis Paris for the \u201cGo\u00fbter du Verger\u201d.\" \/>\n<meta name=\"robots\" content=\"index, follow, max-snippet:-1, max-image-preview:large, max-video-preview:-1\" \/>\n<link rel=\"canonical\" href=\"https:\/\/www.prix-villegiature.com\/gouter-du-verger-the-san-regis-paris-delights\/\" \/>\n<meta property=\"og:locale\" content=\"en_US\" \/>\n<meta property=\"og:type\" content=\"article\" \/>\n<meta property=\"og:title\" content=\"\u00ab Go\u00fbter du Verger \u00bb : the San R\u00e9gis Paris delights - Prix Villegiature\" \/>\n<meta property=\"og:description\" content=\"In the Grand Palais, \u201cPicassomania\u201d is the exhibition of the moment. The exhibitions of art exhaust. The Syndrome of Stendhal which turns us head requires that we renew our energies. Thu,s the right direction is the one of the San R\u00e9gis Paris for the \u201cGo\u00fbter du Verger\u201d.\" \/>\n<meta property=\"og:url\" content=\"https:\/\/www.prix-villegiature.com\/gouter-du-verger-the-san-regis-paris-delights\/\" \/>\n<meta property=\"og:site_name\" content=\"Prix Villegiature\" \/>\n<meta property=\"article:publisher\" content=\"https:\/\/www.facebook.com\/Villegiatureawards\/\" \/>\n<meta property=\"article:published_time\" content=\"2015-10-14T00:00:00+00:00\" \/>\n<meta property=\"article:modified_time\" content=\"2022-09-16T14:26:25+00:00\" \/>\n<meta property=\"og:image\" content=\"https:\/\/www.prix-villegiature.com\/wp-content\/uploads\/2022\/09\/tumblr_nw79ulub7t1uwej3ko1_500-1.jpg\" \/>\n\t<meta property=\"og:image:width\" content=\"500\" \/>\n\t<meta property=\"og:image:height\" content=\"333\" \/>\n\t<meta property=\"og:image:type\" content=\"image\/jpeg\" \/>\n<meta name=\"author\" content=\"Eva Morletto\" \/>\n<meta name=\"twitter:card\" content=\"summary_large_image\" \/>\n<meta name=\"twitter:creator\" content=\"@remyLeL\" \/>\n<meta name=\"twitter:site\" content=\"@remyLeL\" \/>\n<meta name=\"twitter:label1\" content=\"Written by\" \/>\n\t<meta name=\"twitter:data1\" content=\"Eva Morletto\" \/>\n\t<meta name=\"twitter:label2\" content=\"Est. reading time\" \/>\n\t<meta name=\"twitter:data2\" content=\"1 minute\" \/>\n<script type=\"application\/ld+json\" class=\"yoast-schema-graph\">{\"@context\":\"https:\/\/schema.org\",\"@graph\":[{\"@type\":\"Article\",\"@id\":\"https:\/\/www.prix-villegiature.com\/gouter-du-verger-the-san-regis-paris-delights\/#article\",\"isPartOf\":{\"@id\":\"https:\/\/www.prix-villegiature.com\/gouter-du-verger-the-san-regis-paris-delights\/\"},\"author\":{\"name\":\"Eva Morletto\",\"@id\":\"https:\/\/www.prix-villegiature.com\/#\/schema\/person\/f5ed3f598b4643ad41fbb0fa6bd040b1\"},\"headline\":\"\u00ab Go\u00fbter du Verger \u00bb : the San R\u00e9gis Paris delights\",\"datePublished\":\"2015-10-14T00:00:00+00:00\",\"dateModified\":\"2022-09-16T14:26:25+00:00\",\"mainEntityOfPage\":{\"@id\":\"https:\/\/www.prix-villegiature.com\/gouter-du-verger-the-san-regis-paris-delights\/\"},\"wordCount\":119,\"commentCount\":0,\"publisher\":{\"@id\":\"https:\/\/www.prix-villegiature.com\/#organization\"},\"image\":{\"@id\":\"https:\/\/www.prix-villegiature.com\/gouter-du-verger-the-san-regis-paris-delights\/#primaryimage\"},\"thumbnailUrl\":\"https:\/\/www.prix-villegiature.com\/wp-content\/uploads\/2022\/09\/tumblr_nw79ulub7t1uwej3ko1_500-1.jpg\",\"keywords\":[\"Eva Morletto\",\"French\",\"Gastronomy\",\"Hotels\"],\"articleSection\":[\"Hotel\"],\"inLanguage\":\"en-US\",\"potentialAction\":[{\"@type\":\"CommentAction\",\"name\":\"Comment\",\"target\":[\"https:\/\/www.prix-villegiature.com\/gouter-du-verger-the-san-regis-paris-delights\/#respond\"]}]},{\"@type\":\"WebPage\",\"@id\":\"https:\/\/www.prix-villegiature.com\/gouter-du-verger-the-san-regis-paris-delights\/\",\"url\":\"https:\/\/www.prix-villegiature.com\/gouter-du-verger-the-san-regis-paris-delights\/\",\"name\":\"\u00ab Go\u00fbter du Verger \u00bb : the San R\u00e9gis Paris delights - Prix Villegiature\",\"isPartOf\":{\"@id\":\"https:\/\/www.prix-villegiature.com\/#website\"},\"primaryImageOfPage\":{\"@id\":\"https:\/\/www.prix-villegiature.com\/gouter-du-verger-the-san-regis-paris-delights\/#primaryimage\"},\"image\":{\"@id\":\"https:\/\/www.prix-villegiature.com\/gouter-du-verger-the-san-regis-paris-delights\/#primaryimage\"},\"thumbnailUrl\":\"https:\/\/www.prix-villegiature.com\/wp-content\/uploads\/2022\/09\/tumblr_nw79ulub7t1uwej3ko1_500-1.jpg\",\"datePublished\":\"2015-10-14T00:00:00+00:00\",\"dateModified\":\"2022-09-16T14:26:25+00:00\",\"description\":\"In the Grand Palais, \u201cPicassomania\u201d is the exhibition of the moment. The exhibitions of art exhaust. The Syndrome of Stendhal which turns us head requires that we renew our energies. Thu,s the right direction is the one of the San R\u00e9gis Paris for the \u201cGo\u00fbter du Verger\u201d.\",\"breadcrumb\":{\"@id\":\"https:\/\/www.prix-villegiature.com\/gouter-du-verger-the-san-regis-paris-delights\/#breadcrumb\"},\"inLanguage\":\"en-US\",\"potentialAction\":[{\"@type\":\"ReadAction\",\"target\":[\"https:\/\/www.prix-villegiature.com\/gouter-du-verger-the-san-regis-paris-delights\/\"]}]},{\"@type\":\"ImageObject\",\"inLanguage\":\"en-US\",\"@id\":\"https:\/\/www.prix-villegiature.com\/gouter-du-verger-the-san-regis-paris-delights\/#primaryimage\",\"url\":\"https:\/\/www.prix-villegiature.com\/wp-content\/uploads\/2022\/09\/tumblr_nw79ulub7t1uwej3ko1_500-1.jpg\",\"contentUrl\":\"https:\/\/www.prix-villegiature.com\/wp-content\/uploads\/2022\/09\/tumblr_nw79ulub7t1uwej3ko1_500-1.jpg\",\"width\":500,\"height\":333},{\"@type\":\"BreadcrumbList\",\"@id\":\"https:\/\/www.prix-villegiature.com\/gouter-du-verger-the-san-regis-paris-delights\/#breadcrumb\",\"itemListElement\":[{\"@type\":\"ListItem\",\"position\":1,\"name\":\"Home\",\"item\":\"https:\/\/www.prix-villegiature.com\/en\/\"},{\"@type\":\"ListItem\",\"position\":2,\"name\":\"\u00ab Go\u00fbter du Verger \u00bb : the San R\u00e9gis Paris delights\"}]},{\"@type\":\"WebSite\",\"@id\":\"https:\/\/www.prix-villegiature.com\/#website\",\"url\":\"https:\/\/www.prix-villegiature.com\/\",\"name\":\"Prix Villegiature\",\"description\":\"Your SUPER-powered WP Engine Site\",\"publisher\":{\"@id\":\"https:\/\/www.prix-villegiature.com\/#organization\"},\"potentialAction\":[{\"@type\":\"SearchAction\",\"target\":{\"@type\":\"EntryPoint\",\"urlTemplate\":\"https:\/\/www.prix-villegiature.com\/?s={search_term_string}\"},\"query-input\":\"required name=search_term_string\"}],\"inLanguage\":\"en-US\"},{\"@type\":\"Organization\",\"@id\":\"https:\/\/www.prix-villegiature.com\/#organization\",\"name\":\"Prix Villegiature\",\"url\":\"https:\/\/www.prix-villegiature.com\/\",\"logo\":{\"@type\":\"ImageObject\",\"inLanguage\":\"en-US\",\"@id\":\"https:\/\/www.prix-villegiature.com\/#\/schema\/logo\/image\/\",\"url\":\"https:\/\/prixvillegiatu.wpengine.com\/wp-content\/uploads\/2022\/12\/Villegiature_Awards_Master_CARRE_fond_noir-OK.jpg\",\"contentUrl\":\"https:\/\/prixvillegiatu.wpengine.com\/wp-content\/uploads\/2022\/12\/Villegiature_Awards_Master_CARRE_fond_noir-OK.jpg\",\"width\":749,\"height\":750,\"caption\":\"Prix Villegiature\"},\"image\":{\"@id\":\"https:\/\/www.prix-villegiature.com\/#\/schema\/logo\/image\/\"},\"sameAs\":[\"https:\/\/www.facebook.com\/Villegiatureawards\/\",\"https:\/\/twitter.com\/remyLeL\",\"https:\/\/www.instagram.com\/villegiatureawards\/\"]},{\"@type\":\"Person\",\"@id\":\"https:\/\/www.prix-villegiature.com\/#\/schema\/person\/f5ed3f598b4643ad41fbb0fa6bd040b1\",\"name\":\"Eva Morletto\",\"image\":{\"@type\":\"ImageObject\",\"inLanguage\":\"en-US\",\"@id\":\"https:\/\/www.prix-villegiature.com\/#\/schema\/person\/image\/\",\"url\":\"https:\/\/secure.gravatar.com\/avatar\/21f783b4e57a3bf47fdbd0f225bf2f19?s=96&d=mm&r=g\",\"contentUrl\":\"https:\/\/secure.gravatar.com\/avatar\/21f783b4e57a3bf47fdbd0f225bf2f19?s=96&d=mm&r=g\",\"caption\":\"Eva Morletto\"},\"description\":\"Journalist for 15 years in the field of television news reports, Eva Morletto was corresponding for the Japanese network Fuji TV, the Italian weekly Famiglia Cristiana and RMC Italy. Today, she is specialized in lifestyle. She writes about Parisian trends for Marie Claire Italy and about the charming hotels section for GQ Italy. She collaborates in France with Radio France Culture and TV5 Monde.\"}]}<\/script>\n<!-- \/ Yoast SEO plugin. -->","yoast_head_json":{"title":"\u00ab Go\u00fbter du Verger \u00bb : the San R\u00e9gis Paris delights - Prix Villegiature","description":"In the Grand Palais, \u201cPicassomania\u201d is the exhibition of the moment. The exhibitions of art exhaust. The Syndrome of Stendhal which turns us head requires that we renew our energies. Thu,s the right direction is the one of the San R\u00e9gis Paris for the \u201cGo\u00fbter du Verger\u201d.","robots":{"index":"index","follow":"follow","max-snippet":"max-snippet:-1","max-image-preview":"max-image-preview:large","max-video-preview":"max-video-preview:-1"},"canonical":"https:\/\/www.prix-villegiature.com\/gouter-du-verger-the-san-regis-paris-delights\/","og_locale":"en_US","og_type":"article","og_title":"\u00ab Go\u00fbter du Verger \u00bb : the San R\u00e9gis Paris delights - Prix Villegiature","og_description":"In the Grand Palais, \u201cPicassomania\u201d is the exhibition of the moment. The exhibitions of art exhaust. The Syndrome of Stendhal which turns us head requires that we renew our energies. Thu,s the right direction is the one of the San R\u00e9gis Paris for the \u201cGo\u00fbter du Verger\u201d.","og_url":"https:\/\/www.prix-villegiature.com\/gouter-du-verger-the-san-regis-paris-delights\/","og_site_name":"Prix Villegiature","article_publisher":"https:\/\/www.facebook.com\/Villegiatureawards\/","article_published_time":"2015-10-14T00:00:00+00:00","article_modified_time":"2022-09-16T14:26:25+00:00","og_image":[{"width":500,"height":333,"url":"https:\/\/www.prix-villegiature.com\/wp-content\/uploads\/2022\/09\/tumblr_nw79ulub7t1uwej3ko1_500-1.jpg","type":"image\/jpeg"}],"author":"Eva Morletto","twitter_card":"summary_large_image","twitter_creator":"@remyLeL","twitter_site":"@remyLeL","twitter_misc":{"Written by":"Eva Morletto","Est. reading time":"1 minute"},"schema":{"@context":"https:\/\/schema.org","@graph":[{"@type":"Article","@id":"https:\/\/www.prix-villegiature.com\/gouter-du-verger-the-san-regis-paris-delights\/#article","isPartOf":{"@id":"https:\/\/www.prix-villegiature.com\/gouter-du-verger-the-san-regis-paris-delights\/"},"author":{"name":"Eva Morletto","@id":"https:\/\/www.prix-villegiature.com\/#\/schema\/person\/f5ed3f598b4643ad41fbb0fa6bd040b1"},"headline":"\u00ab Go\u00fbter du Verger \u00bb : the San R\u00e9gis Paris delights","datePublished":"2015-10-14T00:00:00+00:00","dateModified":"2022-09-16T14:26:25+00:00","mainEntityOfPage":{"@id":"https:\/\/www.prix-villegiature.com\/gouter-du-verger-the-san-regis-paris-delights\/"},"wordCount":119,"commentCount":0,"publisher":{"@id":"https:\/\/www.prix-villegiature.com\/#organization"},"image":{"@id":"https:\/\/www.prix-villegiature.com\/gouter-du-verger-the-san-regis-paris-delights\/#primaryimage"},"thumbnailUrl":"https:\/\/www.prix-villegiature.com\/wp-content\/uploads\/2022\/09\/tumblr_nw79ulub7t1uwej3ko1_500-1.jpg","keywords":["Eva Morletto","French","Gastronomy","Hotels"],"articleSection":["Hotel"],"inLanguage":"en-US","potentialAction":[{"@type":"CommentAction","name":"Comment","target":["https:\/\/www.prix-villegiature.com\/gouter-du-verger-the-san-regis-paris-delights\/#respond"]}]},{"@type":"WebPage","@id":"https:\/\/www.prix-villegiature.com\/gouter-du-verger-the-san-regis-paris-delights\/","url":"https:\/\/www.prix-villegiature.com\/gouter-du-verger-the-san-regis-paris-delights\/","name":"\u00ab Go\u00fbter du Verger \u00bb : the San R\u00e9gis Paris delights - Prix Villegiature","isPartOf":{"@id":"https:\/\/www.prix-villegiature.com\/#website"},"primaryImageOfPage":{"@id":"https:\/\/www.prix-villegiature.com\/gouter-du-verger-the-san-regis-paris-delights\/#primaryimage"},"image":{"@id":"https:\/\/www.prix-villegiature.com\/gouter-du-verger-the-san-regis-paris-delights\/#primaryimage"},"thumbnailUrl":"https:\/\/www.prix-villegiature.com\/wp-content\/uploads\/2022\/09\/tumblr_nw79ulub7t1uwej3ko1_500-1.jpg","datePublished":"2015-10-14T00:00:00+00:00","dateModified":"2022-09-16T14:26:25+00:00","description":"In the Grand Palais, \u201cPicassomania\u201d is the exhibition of the moment. The exhibitions of art exhaust. The Syndrome of Stendhal which turns us head requires that we renew our energies. Thu,s the right direction is the one of the San R\u00e9gis Paris for the \u201cGo\u00fbter du Verger\u201d.","breadcrumb":{"@id":"https:\/\/www.prix-villegiature.com\/gouter-du-verger-the-san-regis-paris-delights\/#breadcrumb"},"inLanguage":"en-US","potentialAction":[{"@type":"ReadAction","target":["https:\/\/www.prix-villegiature.com\/gouter-du-verger-the-san-regis-paris-delights\/"]}]},{"@type":"ImageObject","inLanguage":"en-US","@id":"https:\/\/www.prix-villegiature.com\/gouter-du-verger-the-san-regis-paris-delights\/#primaryimage","url":"https:\/\/www.prix-villegiature.com\/wp-content\/uploads\/2022\/09\/tumblr_nw79ulub7t1uwej3ko1_500-1.jpg","contentUrl":"https:\/\/www.prix-villegiature.com\/wp-content\/uploads\/2022\/09\/tumblr_nw79ulub7t1uwej3ko1_500-1.jpg","width":500,"height":333},{"@type":"BreadcrumbList","@id":"https:\/\/www.prix-villegiature.com\/gouter-du-verger-the-san-regis-paris-delights\/#breadcrumb","itemListElement":[{"@type":"ListItem","position":1,"name":"Home","item":"https:\/\/www.prix-villegiature.com\/en\/"},{"@type":"ListItem","position":2,"name":"\u00ab Go\u00fbter du Verger \u00bb : the San R\u00e9gis Paris delights"}]},{"@type":"WebSite","@id":"https:\/\/www.prix-villegiature.com\/#website","url":"https:\/\/www.prix-villegiature.com\/","name":"Prix Villegiature","description":"Your SUPER-powered WP Engine Site","publisher":{"@id":"https:\/\/www.prix-villegiature.com\/#organization"},"potentialAction":[{"@type":"SearchAction","target":{"@type":"EntryPoint","urlTemplate":"https:\/\/www.prix-villegiature.com\/?s={search_term_string}"},"query-input":"required name=search_term_string"}],"inLanguage":"en-US"},{"@type":"Organization","@id":"https:\/\/www.prix-villegiature.com\/#organization","name":"Prix Villegiature","url":"https:\/\/www.prix-villegiature.com\/","logo":{"@type":"ImageObject","inLanguage":"en-US","@id":"https:\/\/www.prix-villegiature.com\/#\/schema\/logo\/image\/","url":"https:\/\/prixvillegiatu.wpengine.com\/wp-content\/uploads\/2022\/12\/Villegiature_Awards_Master_CARRE_fond_noir-OK.jpg","contentUrl":"https:\/\/prixvillegiatu.wpengine.com\/wp-content\/uploads\/2022\/12\/Villegiature_Awards_Master_CARRE_fond_noir-OK.jpg","width":749,"height":750,"caption":"Prix Villegiature"},"image":{"@id":"https:\/\/www.prix-villegiature.com\/#\/schema\/logo\/image\/"},"sameAs":["https:\/\/www.facebook.com\/Villegiatureawards\/","https:\/\/twitter.com\/remyLeL","https:\/\/www.instagram.com\/villegiatureawards\/"]},{"@type":"Person","@id":"https:\/\/www.prix-villegiature.com\/#\/schema\/person\/f5ed3f598b4643ad41fbb0fa6bd040b1","name":"Eva Morletto","image":{"@type":"ImageObject","inLanguage":"en-US","@id":"https:\/\/www.prix-villegiature.com\/#\/schema\/person\/image\/","url":"https:\/\/secure.gravatar.com\/avatar\/21f783b4e57a3bf47fdbd0f225bf2f19?s=96&d=mm&r=g","contentUrl":"https:\/\/secure.gravatar.com\/avatar\/21f783b4e57a3bf47fdbd0f225bf2f19?s=96&d=mm&r=g","caption":"Eva Morletto"},"description":"Journalist for 15 years in the field of television news reports, Eva Morletto was corresponding for the Japanese network Fuji TV, the Italian weekly Famiglia Cristiana and RMC Italy. Today, she is specialized in lifestyle. She writes about Parisian trends for Marie Claire Italy and about the charming hotels section for GQ Italy. She collaborates in France with Radio France Culture and TV5 Monde."}]}},"_links":{"self":[{"href":"https:\/\/www.prix-villegiature.com\/en\/wp-json\/wp\/v2\/posts\/479"}],"collection":[{"href":"https:\/\/www.prix-villegiature.com\/en\/wp-json\/wp\/v2\/posts"}],"about":[{"href":"https:\/\/www.prix-villegiature.com\/en\/wp-json\/wp\/v2\/types\/post"}],"author":[{"embeddable":true,"href":"https:\/\/www.prix-villegiature.com\/en\/wp-json\/wp\/v2\/users\/13"}],"replies":[{"embeddable":true,"href":"https:\/\/www.prix-villegiature.com\/en\/wp-json\/wp\/v2\/comments?post=479"}],"version-history":[{"count":0,"href":"https:\/\/www.prix-villegiature.com\/en\/wp-json\/wp\/v2\/posts\/479\/revisions"}],"wp:featuredmedia":[{"embeddable":true,"href":"https:\/\/www.prix-villegiature.com\/en\/wp-json\/wp\/v2\/media\/481"}],"wp:attachment":[{"href":"https:\/\/www.prix-villegiature.com\/en\/wp-json\/wp\/v2\/media?parent=479"}],"wp:term":[{"taxonomy":"category","embeddable":true,"href":"https:\/\/www.prix-villegiature.com\/en\/wp-json\/wp\/v2\/categories?post=479"},{"taxonomy":"post_tag","embeddable":true,"href":"https:\/\/www.prix-villegiature.com\/en\/wp-json\/wp\/v2\/tags?post=479"}],"curies":[{"name":"wp","href":"https:\/\/api.w.org\/{rel}","templated":true}]}}