{"id":329,"date":"2015-10-17T00:00:00","date_gmt":"2015-10-17T00:00:00","guid":{"rendered":"https:\/\/prixvillegiatu.wpengine.com\/alain-ducasse-plaza-athenee-paris\/"},"modified":"2022-09-16T14:26:25","modified_gmt":"2022-09-16T14:26:25","slug":"alain-ducasse-plaza-athenee-paris","status":"publish","type":"post","link":"https:\/\/www.prix-villegiature.com\/en\/alain-ducasse-plaza-athenee-paris\/","title":{"rendered":"Alain Ducasse : Plaza Ath\u00e9n\u00e9e Paris"},"content":{"rendered":"<p>\u540a\u706f\u5982\u5760\u661f\uff0c\u4ece\u5929\u82b1\u677f\u4e0a\u5782\u4e0b\uff0c\u60ac\u6d6e\u5728\u7a7a\u4e2d\uff0c\u95ea\u70c1\u707f\u4eae\uff0c\u70b9\u70b9\u661f\u8292\uff0c\u6709\u68a6\u5e7b\u4e4b\u611f\u3002\u7070\u767d\u8272\u5730\u6bef\u50cf\u7ed2\u6bdb\u50cf\u539a\u96ea\uff0c\u6620\u7740\u767d\u8272\u7c89\u5899\u548c\u91d1\u5c5e\u955c\u9762\u7684\u5706\u5f27\u578b\u5750\u4f4d\uff0c\u5927\u5385\u7684\u7a7a\u95f4\u88ab\u6536\u8fdb\u5706\u66f2\u7684\u955c\u5b50\u4e16\u754c\u91cc\uff0c\u771f\u5b9e\u4e0e\u68a6\u5883\u540c\u65f6\u5b58\u5728\u4e00\u79cd\u5e7b\u89c9\u91cc\u3002<\/p>\n<p>\u8fd9\u662f\u77e5\u540d\u6cd5\u56fd\u8bbe\u8ba1\u5e08Patrick Jouin\u548c\u65e5\u672c\u8bbe\u8ba1\u5e08Sanjit Manku\u4e24\u4eba\u7684\u4f5c\u54c1\uff0c\u662f\u4ed6\u4eec\u56db\u5ea6\u4e3a\u4e9a\u4f26\u675c\u5361\u65af\u8fd9\u5bb6\u9876\u7ea7\u9910\u5385\u64cd\u5200\uff0c\u6bcf\u56de\u90fd\u662f\u4e00\u6b21\u8f70\u52a8\u3002\u8fd9\u91cc\u8425\u9020\u51fa\u7684\u5962\u534e\u548c\u7cbe\u81f4\u611f\u5728\u5df4\u9ece\u65e0\u51fa\u5176\u53f3\u3002<\/p>\n<a href=\"https:\/\/prixvillegiatu.wpengine.com\/wp-content\/uploads\/2022\/09\/\u8907\u88fd-Plaza-Athenee-Alain-Ducasse-au-Plaza-Athenee-c-Pierre-Monetta-2_mid.jpg\"><img class=\"alignnone size-full wp-image-1019 lazy\" alt=\"\u8907\u88fd -Plaza Athenee - Alain Ducasse au Plaza Athenee (c) Pierre Monetta 2_mid\" data-src=\"https:\/\/prixvillegiatu.wpengine.com\/wp-content\/uploads\/2022\/09\/\u8907\u88fd-Plaza-Athenee-Alain-Ducasse-au-Plaza-Athenee-c-Pierre-Monetta-2_mid.jpg\" width=\"1500\" height=\"1000\" \/><\/a>\n<p>\u5982\u4f55\u5c06\u7b80\u5355\u8868\u73b0\u9ad8\u7ea7\uff1f\u5982\u4f55\u91cd\u65b0\u770b\u5f85\u6211\u4eec\u548c\u98df\u7269\u7684\u5173\u7cfb\uff0c\u548c\u73af\u5883\u81ea\u7136\u7684\u5173\u7cfb\u3002\u8fd9\u6216\u8bb8\u662f\u4e9a\u4f26\u675c\u5361\u65af\u7ed9\u613f\u610f\u652f\u4ed8\u6602\u8d35\u9910\u8d39\u7684\u73b0\u4ee3\u4eba\u8ffd\u6c42\u7f8e\u98df\u7684\u4e00\u4e2a\u7b54\u6848\u3002\u8fd9\u5bb6\u9910\u53852014\u5e749\u6708\u5f00\u5e55\uff0c\u4ee5\u4e09\u5927\u7c7b &#8211; \u6d77\u9c9c\uff0c\u852c\u679c\uff0c\u8c37\u7c7b\u4e3a\u4e3b\u98df\u6750\u505a\u6599\u7406\u3002<\/p>\n<a href=\"https:\/\/prixvillegiatu.wpengine.com\/wp-content\/uploads\/2022\/09\/\u8907\u88fd-Plaza-Athenee-Legumes-des-jardins-du-Chateau-de-Versailles-noisettes-pillees-c-Pierre-Monetta_mid.jpg\"><img class=\"alignnone size-full wp-image-1021 lazy\" alt=\"\u8907\u88fd -Plaza Athenee - Legumes des jardins du Chateau de Versailles noisettes pillees (c) Pierre Monetta_mid\" data-src=\"https:\/\/prixvillegiatu.wpengine.com\/wp-content\/uploads\/2022\/09\/\u8907\u88fd-Plaza-Athenee-Legumes-des-jardins-du-Chateau-de-Versailles-noisettes-pillees-c-Pierre-Monetta_mid.jpg\" width=\"1500\" height=\"1000\" \/><\/a>\n<p>\u524d\u83dc\u662f\u4e24\u79cd\u4ee5\u9c7c\u5b50\u9171\u4e3a\u6750\u6599\u7684\u4f5c\u54c1\u3002\u6c34\u716e\u5c0f\u87af\u867e\u505a\u6210\u5706\u578b\u57fa\u5e95\uff0c\u4e0a\u9762\u8986\u76d6\u7ea6\u5c0f\u87af\u867e\u4e00\u534a\u539a\u5ea6\u7684\u9ec4\u91d1\u9c7c\u5b50\u9171\uff08langoustine bretonne, caviar dor\u00e9\uff09\uff0c\u5e95\u4e0b\u5219\u6709\u87af\u867e\u6d53\u7f29\u9171\u6c41\u642d\u914d\u3002\u8fd9\u9053\u8981\u7b97\u662f\u65e7\u4f5c\u65b0\u5236\uff0c\u5c0f\u87af\u867e\u548c\u9c7c\u5b50\u9171\u7684\u7ec4\u5408\u8fc7\u53bb\u4e00\u76f4\u90fd\u5728\u4e9a\u4f26\u675c\u5361\u65af\u7684\u9ad8\u7ea7\u9910\u5385\u83dc\u5355\u4e0a\u6446\u76d8\u6216\u8bb8\u7565\u6709\u53d8\u5316\u8c03\u6574\uff0c\u4f46\u662f\u60f3\u8868\u73b0\u7684\u6ecb\u5473\u5374\u59cb\u7ec8\u4e0d\u53d8\uff1a\u4f18\u96c5\u54b8\u51c0\u7684\u6d77\u5473\u3002<\/p>\n<a href=\"https:\/\/prixvillegiatu.wpengine.com\/wp-content\/uploads\/2022\/09\/DSC01780-mid.jpg\"><img class=\"alignnone size-full wp-image-1022 lazy\" alt=\"S\" data-src=\"https:\/\/prixvillegiatu.wpengine.com\/wp-content\/uploads\/2022\/09\/DSC01780-mid.jpg\" width=\"1500\" height=\"1747\" \/><\/a>\n<p>\u7b2c\u4e8c\u9053\u9c7c\u5b50\u9171\u4f5c\u54c1\u5219\u662f\u4ece\u5e03\u5217\u5854\u5c3c\u6700\u7b80\u6734\u7684\u5730\u65b9\u5e73\u6c11\u98df\u54c1\u8be0\u91ca\u51fa\u6765\u7684\uff1a\u9ed1\u9ea6\u53ef\u4e3d\u997c\u642d\u914d\u70df\u718f\u9cd5\u9c7c\/\u9c7c\u5b50\u9171\/\u7eff\u6241\u8c46\u4ee5\u53ca\u9178\u5976\u3002\u8fd9\u662f\u9053\u5927\u80c6\u800c\u5947\u7279\u7684\u7ec4\u5408\uff0c\u5236\u4f5c\u9165\u8106\u53ef\u4e3d\u997c\u7684\u9ed1\u9ea6sarasin\u4e0e\u7eff\u6241\u8c46\u5411\u6765\u88ab\u89c6\u4e3a\u5e73\u6c11\u7c97\u98df\uff0c\u6b64\u65f6\u7684\u5730\u4f4d\u5ffd\u7136\u88ab\u62c9\u9ad8\u5230\u6781\u9ad8\u5904\u4e0e\u9c7c\u5b50\u9171\u5e73\u884c\uff0c\u7aef\u770b\u54c1\u5c1d\u8005\u5982\u4f55\u8be0\u91ca\u4e86\u3002\u6241\u8c46\u4e0e\u997c\u56e0\u9c7c\u5b50\u9171\u800c\u9ad8\u8d35\uff0c\u8fd8\u662f\u9c7c\u5b50\u9171\u56e0\u6241\u8c46\u4e0e\u997c\u6ca6\u4e3a\u8c03\u5473\u7684\u54b8\u800c\u5df2\uff1f\u98df\u6750\u6709\u9636\u7ea7\u4e4b\u5206\u5417\uff1f\u8fd8\u662f\u6211\u4eec\u7ec8\u53ef\u5c06\u6240\u6709\u6750\u6599\u7b49\u800c\u89c6\u4e4b\uff0c\u4e0d\u8ba1\u8d35\u8d31\uff1f<\/p>\n<a href=\"https:\/\/prixvillegiatu.wpengine.com\/wp-content\/uploads\/2022\/09\/DSC01783-mid.jpg\"><img class=\"alignnone size-full wp-image-1023 lazy\" alt=\"S\" data-src=\"https:\/\/prixvillegiatu.wpengine.com\/wp-content\/uploads\/2022\/09\/DSC01783-mid.jpg\" width=\"1500\" height=\"998\" \/><\/a>\n<p>\u9f99\u867e\u5219\u548c\u67d1\u6a58\u642d\u914d\uff1a\u67d1\u6a58\u5c01\u716e\u540e\uff0c\u9178\u5473\u8f6c\u6df1\u6c89\uff0c\u4e0a\u684c\u540e\u518d\u6dcb\u4e0a\u67d1\u6a58\u9171\u6c41\u3002\u642d\u914d\u7684\u852c\u83dc\u662f\u70df\u718f\u8ff7\u4f60\u5377\u5fc3\u83dc\uff08\u53c8\u79f0\u5e03\u9c81\u585e\u5c14\u5377\u5fc3\u83dc\uff09\uff0c\u53c8\u662f\u4e00\u79cd\u6cd5\u56fd\u83dc\u91cc\u88ab\u89c6\u4e3a\u5351\u8d31\u7684\u6750\u6599\uff0c\u9752\u8165\u5fae\u82e6\u3002\u5377\u5fc3\u83dc\u91cc\u7684\u6e05\u82e6\u4e0e\u9171\u6c41\u91cc\u7684\u8461\u8404\u67da\u6c89\u82e6\u548c\u9f99\u867e\u6709\u7a81\u5140\u611f\u3002<\/p>\n<a href=\"https:\/\/prixvillegiatu.wpengine.com\/wp-content\/uploads\/2022\/09\/DSC01808-mid.jpg\"><img class=\"alignnone size-full wp-image-1024 lazy\" alt=\"S\" data-src=\"https:\/\/prixvillegiatu.wpengine.com\/wp-content\/uploads\/2022\/09\/DSC01808-mid.jpg\" width=\"1500\" height=\"2189\" \/><\/a>\n<p>\u6765\u81ea\u5e03\u5217\u5854\u5c3c\u5c0f\u6e14\u6e2f\u6f5c\u6c34\u6355\u635e\u7684\u9c9c\u6247\u8d1d\u4f50\u914d\u82b1\u6930\u83dc\u70d8\u7119\u9762\u5305\uff08St-Jacques d&#8217;Erguy, chou-fleur en fine cro\u00fbte, truffe noire\uff09\u3002\u4f53\u578b\u7855\u5927\u7684\u65b0\u9c9c\u6247\u8d1d\u714e\u8fc7\uff0c\u8d28\u5730\u9c9c\u5ae9\u5f39\u7259\uff0c\u82b1\u6930\u83dc\u7247\u6210\u8584\u7247\uff0c\u88f9\u5728\u9762\u5305\u56e2\u91cc\u70d8\u70e4\uff0c\u518d\u5207\u6210\u7cd5\u997c\u72b6\u4e0a\u76d8\uff0c\u6700\u540e\u7247\u4e0a\u5f53\u5b63\u7684\u65b0\u9c9c\u9ed1\u677e\u9732\u3002\u518d\u4e00\u6b21\uff0c\u4e3b\u53a8\u8ba9\u4e00\u822c\u6982\u5ff5\u91cc\u7684\u6602\u8d35\u4e0e\u5ec9\u4ef7\u6750\u6599\u7ec4\u5408\u5448\u73b0\u3002\u65e0\u6cd5\u907f\u514d\u7684\uff0c\u6211\u518d\u6b21\u611f\u53d7\u5230\u6e05\u82e6\u4e4b\u5473\uff0c\u8fd9\u6b21\u6765\u81ea\u82b1\u6930\u83dc\u3002<\/p>\n<a href=\"https:\/\/prixvillegiatu.wpengine.com\/wp-content\/uploads\/2022\/09\/DSC01806-mid.jpg\"><img class=\"alignnone size-full wp-image-1025 lazy\" alt=\"S\" data-src=\"https:\/\/prixvillegiatu.wpengine.com\/wp-content\/uploads\/2022\/09\/DSC01806-mid.jpg\" width=\"1500\" height=\"1593\" \/><\/a>\n<p>\u82e6\u5473\u6210\u4e3a\u4e00\u4e2a\u60ef\u7ebf\u4e3b\u8f74\uff0c\u56e0\u4e3a\u4e0b\u4e00\u9053\u714e\u7f8a\u9c7c\u4f50\u9c7c\u809d\u6d53\u9171\uff08rouget de l&#8217;Ile d&#8217;Yeu en \u00e9cailles, jus civet li\u00e9 au foie\uff09\u4e5f\u662f\uff1a\u6574\u6761\u7f8a\u9c7c\u53bb\u9aa8\u5256\u6210\u5c3e\u90e8\u76f8\u8fde\u7684\u4e24\u7247\u9c7c\u6392\uff0c\u4fdd\u7559\u9c7c\u9cde\uff0c\u4ee5\u9ad8\u6e29\u70ed\u6cb9\u5c06\u9c7c\u9cde\u70eb\u6210\u5377\u66f2\u72b6\uff0c\u54b8\u9165\u9999\u8106\u53ef\u98df\u3002\u6df1\u8910\u8272\u7684\u9171\u6c41\u662f\u7528\u7f8a\u9c7c\u809d\u505a\u6210\u7684\uff0c\u6d53\u91cd\u8165\u82e6\uff0c\u975e\u5e38\u8003\u9a8c\u54c1\u5c1d\u8005\u5bf9\u82e6\u5473\u7684\u611f\u53d7\u5ea6\u3002<\/p>\n<a href=\"https:\/\/prixvillegiatu.wpengine.com\/wp-content\/uploads\/2022\/09\/DSC01806-mid.jpg\"><img class=\"alignnone size-full wp-image-1026 lazy\" alt=\"S\" data-src=\"https:\/\/prixvillegiatu.wpengine.com\/wp-content\/uploads\/2022\/09\/DSC01806-mid.jpg\" width=\"1500\" height=\"1119\" \/><\/a>\n<p>\u7136\u540e\u6709\u6bd4\u76ee\u9c7c\u4f50\u571f\u8015\u82e6\u82e3\u4e0e\u677e\u9732\u9171\u6c41\uff08sole des Coureeaux de l&#8217;Ile de Groix, endives de plein terre truff\u00e9s\uff09\uff0c\u4ee5\u53ca\u65b0\u9c9c\u677e\u9732\u7247\u3002\u82e6\u82e3\u5411\u6765\u4ee5\u6e29\u5ba4\u65e0\u83cc\u571f\u517b\u6b96\uff0c\u8fd9\u91cc\u5219\u91c7\u7528\u76f4\u63a5\u79cd\u690d\u5728\u571f\u91cc\uff0c\u5438\u6536\u571f\u58e4\u5929\u7136\u517b\u4efd\u7684\u82e6\u82e3\uff0c\u5473\u9053\u6bd4\u5bfb\u5e38\u82e6\u82e3\u66f4\u9c9c\u751c\uff0c\u5176\u72ec\u7279\u7684\u82e6\u5473\u4e5f\u66f4\u6e05\u6670\u9c9c\u660e\u3002<\/p>\n<p>\u6bcf\u4e2a\u9910\u684c\u6700\u540e\u90fd\u4f1a\u4e0a\u4e00\u9053\u77f3\u9505\u868c\u58f3\u7092\u4e94\u8c37\uff1a\u4ee5\u91ce\u751f\u9ed1\u7c73\uff0c\u858f\u4ec1\uff0c\u9ece\u9ea6\u7b49\u8c37\u7c7b\u548c\u8840\u86e4\uff0c\u9a6c\u5200\u8d1d\u8089\u62cc\u7092\u800c\u6210\u7684\uff0c\u6cb9\u9999\u9165\u8106\uff0c\u5480\u56bc\u8d77\u6765\u5374\u9887\u8f9b\u82e6\u3002<\/p>\n<p>\u4e09\u9053\u751c\u54c1\u5206\u522b\u662f\uff1a\u70e4\u897f\u6d0b\u68a8\u4f50\u6817\u5b50\u548c\u4f5b\u624b\u67d1\uff08doyenn\u00e9 du comice r\u00f4ti, ch\u00e2taignes et ligeur de myrte de Corse\uff09\uff0c\u5de7\u514b\u529b\u5496\u5561\u4e0e\u70d8\u7119\u9ed1\u9ea6\u7c7d\uff08chocolat et caf\u00e9 de notre Manufacture, sarasin torr\u00e9fi\u00e9\uff09\uff0c\u5c3c\u65af\u67e0\u6aac\u4f50\u9f99\u7a9d\u8349\u6606\u5e03\uff08citron ni\u00e7ois, kombu \u00e0 l&#8217;estragon\uff09\u3002<\/p>\n<a href=\"https:\/\/prixvillegiatu.wpengine.com\/wp-content\/uploads\/2022\/09\/DSC01783-mid.jpg\"><img class=\"alignnone size-full wp-image-1082 lazy\" alt=\"S\" data-src=\"https:\/\/prixvillegiatu.wpengine.com\/wp-content\/uploads\/2022\/09\/DSC01783-mid.jpg\" width=\"1500\" height=\"998\" \/><\/a>\n<p>&nbsp;<\/p>\n<a href=\"https:\/\/prixvillegiatu.wpengine.com\/wp-content\/uploads\/2022\/09\/DSC01780-mid.jpg\"><img class=\"alignnone size-full wp-image-1083 lazy\" alt=\"S\" data-src=\"https:\/\/prixvillegiatu.wpengine.com\/wp-content\/uploads\/2022\/09\/DSC01780-mid.jpg\" width=\"1500\" height=\"2254\" \/><\/a>\n<p>\u88ab\u4e9a\u4f26\u675c\u5361\u65af\u4efb\u547d\u4e3b\u53a8\u7684\u5e74\u8f7b\u5e08\u5085Romain Meder\u9ad8\u5927\u4fca\u5e05\uff0c\u81ea\u4fe1\u8fc7\u4eba\u3002\u5728\u89e3\u91ca\u5176\u521b\u4f5c\u60f3\u6cd5\u65f6\u8868\u793a\uff0c\u690d\u7269\u7eaf\u6734\u7684\u82e6\u5473\u4e0e\u9178\u5473\u8fd9\u4e24\u4e2a\u5728\u54b8\u98df\u6599\u7406\u4e2d\u4e0d\u88ab\u8ba8\u597d\u7684\u6ecb\u5473\u7ecf\u5e38\u88ab\u62b9\u715e\u63a9\u76d6\u6389\uff0c\u4f46\u662f\u5728\u4ed6\u624b\u4e2d\uff0c\u5374\u662f\u523b\u610f\u88ab\u4fdd\u7559\u5e76\u8868\u73b0\u51fa\u6765\u7684\u3002<\/p>\n<a href=\"https:\/\/prixvillegiatu.wpengine.com\/wp-content\/uploads\/2022\/09\/\u8907\u88fd-Plaza-Athenee-Legumes-des-jardins-du-Chateau-de-Versailles-noisettes-pillees-c-Pierre-Monetta_mid.jpg\"><img class=\"alignnone size-full wp-image-1094 lazy\" alt=\"Plaza Athenee - Alain Ducasse et Romain Meder (c) Pierre Monetta 1-mid\" data-src=\"https:\/\/prixvillegiatu.wpengine.com\/wp-content\/uploads\/2022\/09\/\u8907\u88fd-Plaza-Athenee-Legumes-des-jardins-du-Chateau-de-Versailles-noisettes-pillees-c-Pierre-Monetta_mid.jpg\" width=\"1500\" height=\"2250\" \/><\/a>\n<p>\u4e9a\u4f26\u675c\u5361\u65af\u5728\u8fd9\u95f4\u9910\u5385\u91cc\u8d2f\u5f7b\u4e86\u4eca\u65e5\u4ed6\u5bf9\u98df\u7269\u4e0e\u73af\u5883\u7684\u7406\u60f3\u3002\u6bd4\u5982\uff0c\u7edd\u5bf9\u5c0a\u91cd\u6d77\u6d0b\u7684\u5b63\u8282\u6027\uff0c\u6709\u8d23\u4efb\u6027\u7684\u9650\u91cf\u635e\u6355\u3002\u4e5d-\u5341\u6708\u662f\u9c88\u9c7c\uff0c\u9cb7\u9c7c\uff0c\u751f\u869d\u7684\u5b63\u8282\uff1b\u51ac\u5b63\u5f00\u59cb\u6bd4\u76ee\u9c7c\uff0c\u5706\u9cd5\uff0c\u7070\u9cb7\uff1b\u6625\u5929\u662f\u4e4c\u9c7c\uff0c\u590f\u5929\u662f\u9752\u82b1\uff0c\u9f99\u867e\uff0c\u7f8a\u9c7c\uff0c\u591a\u5b9d\u9c7c\u3002<\/p>\n<p>\u4e9a\u4f26\u675c\u5361\u65af\u5f00\u7684\u9876\u7ea7\u9910\u5385\u5411\u6765\u662f\u5404\u65b9\u597d\u624b\u7684\u901a\u529b\u5408\u4f5c\u6253\u9020\u7684\u68a6\u5e7b\u4e4b\u4f5c\uff0c\u8fd9\u9910\u5385\u4e0d\u4ec5\u662f\u4e2a\u91d1\u5b57\u5854\u5c16\u7aef\u7684\u7f8e\u98df\u5bab\u6bbf\u4e0e\u5f53\u4ee3\u7f8e\u98df\u83c1\u82f1\u7406\u5ff5\u7684\u96c6\u5408\u3002\u77ed\u77ed\u4e09\u4e2a\u591a\u6708\uff0c\u62ff\u4e0b\u7c73\u5176\u6797\u4e24\u661f\u3002\u4e9a\u4f26\u675c\u5361\u65af\u5e94\u8be5\u8fd8\u4f1a\u518d\u52aa\u529b\u524d\u4e09\u661f\u524d\u8fdb\u5427\u3002<\/p>\n<p>Alain Ducasse au Plaza-Ath\u00e9n\u00e9e<\/p>\n<p>25, avenue Montaigne, 75008 Paris. France<\/p>\n<p>\u7535\u8bdd: +33(0)1-5367-6500<\/p>\n<p><a href=\"http:\/\/t.umblr.com\/redirect?z=http%3A%2F%2Fwww.alain-ducasse.com&amp;t=NDE1ZTgxZmY4MGYwM2VhMzczYjU0MWUwZDRkZGJkOWFlZmVkN2Q5MCxURjh3VEZMYw%3D%3D\">www.alain-ducasse.com<\/a><\/p>\n<p>&nbsp;<\/p>\n<a href=\"https:\/\/prixvillegiatu.wpengine.com\/wp-content\/uploads\/2022\/09\/Logos_sponsors16_md-1.jpg\"><img class=\"alignnone size-full wp-image-2381 lazy\" alt=\"Logos_sponsors16_md\" data-src=\"https:\/\/prixvillegiatu.wpengine.com\/wp-content\/uploads\/2022\/09\/Logos_sponsors16_md-1.jpg\" width=\"1392\" height=\"168\" \/><\/a>\n","protected":false},"excerpt":{"rendered":"<p>The interior design of the new restaurant of the Plaza Ath\u00e9n\u00e9e nominated at Villegiature Awards 2015 was realized by the architects Patrick  Jouin and Sanjit Manku : chandeliers as \u201cshooting stars\u201d suspended in the air, grey and white carpet downy as some snow, white walls as a vision of luxury and Parisian refinement.<\/p>\n","protected":false},"author":9,"featured_media":330,"comment_status":"open","ping_status":"open","sticky":false,"template":"","format":"standard","meta":{"footnotes":""},"categories":[10,11],"tags":[68,39,48,15,13,69,70],"acf":[],"yoast_head":"<!-- This site is optimized with the Yoast SEO plugin v22.4 - https:\/\/yoast.com\/wordpress\/plugins\/seo\/ -->\n<title>Alain Ducasse : Plaza Ath\u00e9n\u00e9e Paris - Prix Villegiature<\/title>\n<meta name=\"description\" content=\"The interior design of the new restaurant of the Plaza Ath\u00e9n\u00e9e nominated at Villegiature Awards 2015 was realized by the architects Patrick Jouin and Sanjit Manku : chandeliers as \u201cshooting stars\u201d suspended in the air, grey and white carpet downy as some snow, white walls as a vision of luxury and Parisian refinement.\" \/>\n<meta name=\"robots\" content=\"index, follow, max-snippet:-1, max-image-preview:large, max-video-preview:-1\" \/>\n<link rel=\"canonical\" href=\"https:\/\/www.prix-villegiature.com\/alain-ducasse-plaza-athenee-paris\/\" \/>\n<meta property=\"og:locale\" content=\"en_US\" \/>\n<meta property=\"og:type\" content=\"article\" \/>\n<meta property=\"og:title\" content=\"Alain Ducasse : Plaza Ath\u00e9n\u00e9e Paris - Prix Villegiature\" \/>\n<meta property=\"og:description\" content=\"The interior design of the new restaurant of the Plaza Ath\u00e9n\u00e9e nominated at Villegiature Awards 2015 was realized by the architects Patrick Jouin and Sanjit Manku : chandeliers as \u201cshooting stars\u201d suspended in the air, grey and white carpet downy as some snow, white walls as a vision of luxury and Parisian refinement.\" \/>\n<meta property=\"og:url\" content=\"https:\/\/www.prix-villegiature.com\/alain-ducasse-plaza-athenee-paris\/\" \/>\n<meta property=\"og:site_name\" content=\"Prix Villegiature\" \/>\n<meta property=\"article:publisher\" content=\"https:\/\/www.facebook.com\/Villegiatureawards\/\" \/>\n<meta property=\"article:published_time\" content=\"2015-10-17T00:00:00+00:00\" \/>\n<meta property=\"article:modified_time\" content=\"2022-09-16T14:26:25+00:00\" \/>\n<meta property=\"og:image\" content=\"https:\/\/www.prix-villegiature.com\/wp-content\/uploads\/2022\/09\/\u8907\u88fd-Plaza-Athenee-Alain-Ducasse-au-Plaza-Athenee-c-Pierre-Monetta-2_mid.jpg\" \/>\n\t<meta property=\"og:image:width\" content=\"1500\" \/>\n\t<meta property=\"og:image:height\" content=\"1000\" \/>\n\t<meta property=\"og:image:type\" content=\"image\/jpeg\" \/>\n<meta name=\"author\" content=\"Chung-Tao Hsieh\" \/>\n<meta name=\"twitter:card\" content=\"summary_large_image\" \/>\n<meta name=\"twitter:creator\" content=\"@remyLeL\" \/>\n<meta name=\"twitter:site\" content=\"@remyLeL\" \/>\n<meta name=\"twitter:label1\" content=\"Written by\" \/>\n\t<meta name=\"twitter:data1\" content=\"Chung-Tao Hsieh\" \/>\n<script type=\"application\/ld+json\" class=\"yoast-schema-graph\">{\"@context\":\"https:\/\/schema.org\",\"@graph\":[{\"@type\":\"Article\",\"@id\":\"https:\/\/www.prix-villegiature.com\/alain-ducasse-plaza-athenee-paris\/#article\",\"isPartOf\":{\"@id\":\"https:\/\/www.prix-villegiature.com\/alain-ducasse-plaza-athenee-paris\/\"},\"author\":{\"name\":\"Chung-Tao Hsieh\",\"@id\":\"https:\/\/www.prix-villegiature.com\/#\/schema\/person\/0093fa73efdd734416a2f3e7b60da5b7\"},\"headline\":\"Alain Ducasse : Plaza Ath\u00e9n\u00e9e Paris\",\"datePublished\":\"2015-10-17T00:00:00+00:00\",\"dateModified\":\"2022-09-16T14:26:25+00:00\",\"mainEntityOfPage\":{\"@id\":\"https:\/\/www.prix-villegiature.com\/alain-ducasse-plaza-athenee-paris\/\"},\"wordCount\":97,\"commentCount\":0,\"publisher\":{\"@id\":\"https:\/\/www.prix-villegiature.com\/#organization\"},\"image\":{\"@id\":\"https:\/\/www.prix-villegiature.com\/alain-ducasse-plaza-athenee-paris\/#primaryimage\"},\"thumbnailUrl\":\"https:\/\/www.prix-villegiature.com\/wp-content\/uploads\/2022\/09\/\u8907\u88fd-Plaza-Athenee-Alain-Ducasse-au-Plaza-Athenee-c-Pierre-Monetta-2_mid.jpg\",\"keywords\":[\"Alain Ducasse\",\"Chinese\",\"Chung Tao Hsieh\",\"Gastronomy\",\"Hotels\",\"plaza athenee\",\"romain meder\"],\"articleSection\":[\"Hotel\",\"Palace\"],\"inLanguage\":\"en-US\",\"potentialAction\":[{\"@type\":\"CommentAction\",\"name\":\"Comment\",\"target\":[\"https:\/\/www.prix-villegiature.com\/alain-ducasse-plaza-athenee-paris\/#respond\"]}]},{\"@type\":\"WebPage\",\"@id\":\"https:\/\/www.prix-villegiature.com\/alain-ducasse-plaza-athenee-paris\/\",\"url\":\"https:\/\/www.prix-villegiature.com\/alain-ducasse-plaza-athenee-paris\/\",\"name\":\"Alain Ducasse : Plaza Ath\u00e9n\u00e9e Paris - Prix Villegiature\",\"isPartOf\":{\"@id\":\"https:\/\/www.prix-villegiature.com\/#website\"},\"primaryImageOfPage\":{\"@id\":\"https:\/\/www.prix-villegiature.com\/alain-ducasse-plaza-athenee-paris\/#primaryimage\"},\"image\":{\"@id\":\"https:\/\/www.prix-villegiature.com\/alain-ducasse-plaza-athenee-paris\/#primaryimage\"},\"thumbnailUrl\":\"https:\/\/www.prix-villegiature.com\/wp-content\/uploads\/2022\/09\/\u8907\u88fd-Plaza-Athenee-Alain-Ducasse-au-Plaza-Athenee-c-Pierre-Monetta-2_mid.jpg\",\"datePublished\":\"2015-10-17T00:00:00+00:00\",\"dateModified\":\"2022-09-16T14:26:25+00:00\",\"description\":\"The interior design of the new restaurant of the Plaza Ath\u00e9n\u00e9e nominated at Villegiature Awards 2015 was realized by the architects Patrick Jouin and Sanjit Manku : chandeliers as \u201cshooting stars\u201d suspended in the air, grey and white carpet downy as some snow, white walls as a vision of luxury and Parisian refinement.\",\"breadcrumb\":{\"@id\":\"https:\/\/www.prix-villegiature.com\/alain-ducasse-plaza-athenee-paris\/#breadcrumb\"},\"inLanguage\":\"en-US\",\"potentialAction\":[{\"@type\":\"ReadAction\",\"target\":[\"https:\/\/www.prix-villegiature.com\/alain-ducasse-plaza-athenee-paris\/\"]}]},{\"@type\":\"ImageObject\",\"inLanguage\":\"en-US\",\"@id\":\"https:\/\/www.prix-villegiature.com\/alain-ducasse-plaza-athenee-paris\/#primaryimage\",\"url\":\"https:\/\/www.prix-villegiature.com\/wp-content\/uploads\/2022\/09\/\u8907\u88fd-Plaza-Athenee-Alain-Ducasse-au-Plaza-Athenee-c-Pierre-Monetta-2_mid.jpg\",\"contentUrl\":\"https:\/\/www.prix-villegiature.com\/wp-content\/uploads\/2022\/09\/\u8907\u88fd-Plaza-Athenee-Alain-Ducasse-au-Plaza-Athenee-c-Pierre-Monetta-2_mid.jpg\",\"width\":1500,\"height\":1000},{\"@type\":\"BreadcrumbList\",\"@id\":\"https:\/\/www.prix-villegiature.com\/alain-ducasse-plaza-athenee-paris\/#breadcrumb\",\"itemListElement\":[{\"@type\":\"ListItem\",\"position\":1,\"name\":\"Home\",\"item\":\"https:\/\/www.prix-villegiature.com\/en\/\"},{\"@type\":\"ListItem\",\"position\":2,\"name\":\"Alain Ducasse : Plaza Ath\u00e9n\u00e9e Paris\"}]},{\"@type\":\"WebSite\",\"@id\":\"https:\/\/www.prix-villegiature.com\/#website\",\"url\":\"https:\/\/www.prix-villegiature.com\/\",\"name\":\"Prix Villegiature\",\"description\":\"Your SUPER-powered WP Engine Site\",\"publisher\":{\"@id\":\"https:\/\/www.prix-villegiature.com\/#organization\"},\"potentialAction\":[{\"@type\":\"SearchAction\",\"target\":{\"@type\":\"EntryPoint\",\"urlTemplate\":\"https:\/\/www.prix-villegiature.com\/?s={search_term_string}\"},\"query-input\":\"required name=search_term_string\"}],\"inLanguage\":\"en-US\"},{\"@type\":\"Organization\",\"@id\":\"https:\/\/www.prix-villegiature.com\/#organization\",\"name\":\"Prix Villegiature\",\"url\":\"https:\/\/www.prix-villegiature.com\/\",\"logo\":{\"@type\":\"ImageObject\",\"inLanguage\":\"en-US\",\"@id\":\"https:\/\/www.prix-villegiature.com\/#\/schema\/logo\/image\/\",\"url\":\"https:\/\/prixvillegiatu.wpengine.com\/wp-content\/uploads\/2022\/12\/Villegiature_Awards_Master_CARRE_fond_noir-OK.jpg\",\"contentUrl\":\"https:\/\/prixvillegiatu.wpengine.com\/wp-content\/uploads\/2022\/12\/Villegiature_Awards_Master_CARRE_fond_noir-OK.jpg\",\"width\":749,\"height\":750,\"caption\":\"Prix Villegiature\"},\"image\":{\"@id\":\"https:\/\/www.prix-villegiature.com\/#\/schema\/logo\/image\/\"},\"sameAs\":[\"https:\/\/www.facebook.com\/Villegiatureawards\/\",\"https:\/\/twitter.com\/remyLeL\",\"https:\/\/www.instagram.com\/villegiatureawards\/\"]},{\"@type\":\"Person\",\"@id\":\"https:\/\/www.prix-villegiature.com\/#\/schema\/person\/0093fa73efdd734416a2f3e7b60da5b7\",\"name\":\"Chung-Tao Hsieh\",\"image\":{\"@type\":\"ImageObject\",\"inLanguage\":\"en-US\",\"@id\":\"https:\/\/www.prix-villegiature.com\/#\/schema\/person\/image\/\",\"url\":\"https:\/\/secure.gravatar.com\/avatar\/7047faea82fb960f0382c62147f51171?s=96&d=mm&r=g\",\"contentUrl\":\"https:\/\/secure.gravatar.com\/avatar\/7047faea82fb960f0382c62147f51171?s=96&d=mm&r=g\",\"caption\":\"Chung-Tao Hsieh\"},\"description\":\"Has just published a book in Chinese distributed in Taiwan on the French gastronomy \u00abLes Restaurants \u00e9toil\u00e9s selon Chung-Tao\u201d, Mook Publishing. Chung Tao continues his collaboration with Conde Nast Travelers on the disctrict of \u201cLe Marais\u201d in Paris as well as a report on the Parisian luxury hotels. He drafts the gastronomic column \u201cMichelin Gourmet\u201d in the monthly magazine Traveler-Luxe and the paper for \u201cLa Revue du Vin de France\u201d. He works at present with \u201cTravel Channel Asia\u201d for a series of broadcasts \u201cArt de Vivre \u00e0 la fran\u00e7aise\u201d. Chung-Tao Hsieh is listed in the prestigious \\\"Who's Who Wine &amp; Spirit\\\".\"}]}<\/script>\n<!-- \/ Yoast SEO plugin. -->","yoast_head_json":{"title":"Alain Ducasse : Plaza Ath\u00e9n\u00e9e Paris - Prix Villegiature","description":"The interior design of the new restaurant of the Plaza Ath\u00e9n\u00e9e nominated at Villegiature Awards 2015 was realized by the architects Patrick Jouin and Sanjit Manku : chandeliers as \u201cshooting stars\u201d suspended in the air, grey and white carpet downy as some snow, white walls as a vision of luxury and Parisian refinement.","robots":{"index":"index","follow":"follow","max-snippet":"max-snippet:-1","max-image-preview":"max-image-preview:large","max-video-preview":"max-video-preview:-1"},"canonical":"https:\/\/www.prix-villegiature.com\/alain-ducasse-plaza-athenee-paris\/","og_locale":"en_US","og_type":"article","og_title":"Alain Ducasse : Plaza Ath\u00e9n\u00e9e Paris - Prix Villegiature","og_description":"The interior design of the new restaurant of the Plaza Ath\u00e9n\u00e9e nominated at Villegiature Awards 2015 was realized by the architects Patrick Jouin and Sanjit Manku : chandeliers as \u201cshooting stars\u201d suspended in the air, grey and white carpet downy as some snow, white walls as a vision of luxury and Parisian refinement.","og_url":"https:\/\/www.prix-villegiature.com\/alain-ducasse-plaza-athenee-paris\/","og_site_name":"Prix Villegiature","article_publisher":"https:\/\/www.facebook.com\/Villegiatureawards\/","article_published_time":"2015-10-17T00:00:00+00:00","article_modified_time":"2022-09-16T14:26:25+00:00","og_image":[{"width":1500,"height":1000,"url":"https:\/\/www.prix-villegiature.com\/wp-content\/uploads\/2022\/09\/\u8907\u88fd-Plaza-Athenee-Alain-Ducasse-au-Plaza-Athenee-c-Pierre-Monetta-2_mid.jpg","type":"image\/jpeg"}],"author":"Chung-Tao Hsieh","twitter_card":"summary_large_image","twitter_creator":"@remyLeL","twitter_site":"@remyLeL","twitter_misc":{"Written by":"Chung-Tao Hsieh"},"schema":{"@context":"https:\/\/schema.org","@graph":[{"@type":"Article","@id":"https:\/\/www.prix-villegiature.com\/alain-ducasse-plaza-athenee-paris\/#article","isPartOf":{"@id":"https:\/\/www.prix-villegiature.com\/alain-ducasse-plaza-athenee-paris\/"},"author":{"name":"Chung-Tao Hsieh","@id":"https:\/\/www.prix-villegiature.com\/#\/schema\/person\/0093fa73efdd734416a2f3e7b60da5b7"},"headline":"Alain Ducasse : Plaza Ath\u00e9n\u00e9e Paris","datePublished":"2015-10-17T00:00:00+00:00","dateModified":"2022-09-16T14:26:25+00:00","mainEntityOfPage":{"@id":"https:\/\/www.prix-villegiature.com\/alain-ducasse-plaza-athenee-paris\/"},"wordCount":97,"commentCount":0,"publisher":{"@id":"https:\/\/www.prix-villegiature.com\/#organization"},"image":{"@id":"https:\/\/www.prix-villegiature.com\/alain-ducasse-plaza-athenee-paris\/#primaryimage"},"thumbnailUrl":"https:\/\/www.prix-villegiature.com\/wp-content\/uploads\/2022\/09\/\u8907\u88fd-Plaza-Athenee-Alain-Ducasse-au-Plaza-Athenee-c-Pierre-Monetta-2_mid.jpg","keywords":["Alain Ducasse","Chinese","Chung Tao Hsieh","Gastronomy","Hotels","plaza athenee","romain meder"],"articleSection":["Hotel","Palace"],"inLanguage":"en-US","potentialAction":[{"@type":"CommentAction","name":"Comment","target":["https:\/\/www.prix-villegiature.com\/alain-ducasse-plaza-athenee-paris\/#respond"]}]},{"@type":"WebPage","@id":"https:\/\/www.prix-villegiature.com\/alain-ducasse-plaza-athenee-paris\/","url":"https:\/\/www.prix-villegiature.com\/alain-ducasse-plaza-athenee-paris\/","name":"Alain Ducasse : Plaza Ath\u00e9n\u00e9e Paris - Prix Villegiature","isPartOf":{"@id":"https:\/\/www.prix-villegiature.com\/#website"},"primaryImageOfPage":{"@id":"https:\/\/www.prix-villegiature.com\/alain-ducasse-plaza-athenee-paris\/#primaryimage"},"image":{"@id":"https:\/\/www.prix-villegiature.com\/alain-ducasse-plaza-athenee-paris\/#primaryimage"},"thumbnailUrl":"https:\/\/www.prix-villegiature.com\/wp-content\/uploads\/2022\/09\/\u8907\u88fd-Plaza-Athenee-Alain-Ducasse-au-Plaza-Athenee-c-Pierre-Monetta-2_mid.jpg","datePublished":"2015-10-17T00:00:00+00:00","dateModified":"2022-09-16T14:26:25+00:00","description":"The interior design of the new restaurant of the Plaza Ath\u00e9n\u00e9e nominated at Villegiature Awards 2015 was realized by the architects Patrick Jouin and Sanjit Manku : chandeliers as \u201cshooting stars\u201d suspended in the air, grey and white carpet downy as some snow, white walls as a vision of luxury and Parisian refinement.","breadcrumb":{"@id":"https:\/\/www.prix-villegiature.com\/alain-ducasse-plaza-athenee-paris\/#breadcrumb"},"inLanguage":"en-US","potentialAction":[{"@type":"ReadAction","target":["https:\/\/www.prix-villegiature.com\/alain-ducasse-plaza-athenee-paris\/"]}]},{"@type":"ImageObject","inLanguage":"en-US","@id":"https:\/\/www.prix-villegiature.com\/alain-ducasse-plaza-athenee-paris\/#primaryimage","url":"https:\/\/www.prix-villegiature.com\/wp-content\/uploads\/2022\/09\/\u8907\u88fd-Plaza-Athenee-Alain-Ducasse-au-Plaza-Athenee-c-Pierre-Monetta-2_mid.jpg","contentUrl":"https:\/\/www.prix-villegiature.com\/wp-content\/uploads\/2022\/09\/\u8907\u88fd-Plaza-Athenee-Alain-Ducasse-au-Plaza-Athenee-c-Pierre-Monetta-2_mid.jpg","width":1500,"height":1000},{"@type":"BreadcrumbList","@id":"https:\/\/www.prix-villegiature.com\/alain-ducasse-plaza-athenee-paris\/#breadcrumb","itemListElement":[{"@type":"ListItem","position":1,"name":"Home","item":"https:\/\/www.prix-villegiature.com\/en\/"},{"@type":"ListItem","position":2,"name":"Alain Ducasse : Plaza Ath\u00e9n\u00e9e Paris"}]},{"@type":"WebSite","@id":"https:\/\/www.prix-villegiature.com\/#website","url":"https:\/\/www.prix-villegiature.com\/","name":"Prix Villegiature","description":"Your SUPER-powered WP Engine Site","publisher":{"@id":"https:\/\/www.prix-villegiature.com\/#organization"},"potentialAction":[{"@type":"SearchAction","target":{"@type":"EntryPoint","urlTemplate":"https:\/\/www.prix-villegiature.com\/?s={search_term_string}"},"query-input":"required name=search_term_string"}],"inLanguage":"en-US"},{"@type":"Organization","@id":"https:\/\/www.prix-villegiature.com\/#organization","name":"Prix Villegiature","url":"https:\/\/www.prix-villegiature.com\/","logo":{"@type":"ImageObject","inLanguage":"en-US","@id":"https:\/\/www.prix-villegiature.com\/#\/schema\/logo\/image\/","url":"https:\/\/prixvillegiatu.wpengine.com\/wp-content\/uploads\/2022\/12\/Villegiature_Awards_Master_CARRE_fond_noir-OK.jpg","contentUrl":"https:\/\/prixvillegiatu.wpengine.com\/wp-content\/uploads\/2022\/12\/Villegiature_Awards_Master_CARRE_fond_noir-OK.jpg","width":749,"height":750,"caption":"Prix Villegiature"},"image":{"@id":"https:\/\/www.prix-villegiature.com\/#\/schema\/logo\/image\/"},"sameAs":["https:\/\/www.facebook.com\/Villegiatureawards\/","https:\/\/twitter.com\/remyLeL","https:\/\/www.instagram.com\/villegiatureawards\/"]},{"@type":"Person","@id":"https:\/\/www.prix-villegiature.com\/#\/schema\/person\/0093fa73efdd734416a2f3e7b60da5b7","name":"Chung-Tao Hsieh","image":{"@type":"ImageObject","inLanguage":"en-US","@id":"https:\/\/www.prix-villegiature.com\/#\/schema\/person\/image\/","url":"https:\/\/secure.gravatar.com\/avatar\/7047faea82fb960f0382c62147f51171?s=96&d=mm&r=g","contentUrl":"https:\/\/secure.gravatar.com\/avatar\/7047faea82fb960f0382c62147f51171?s=96&d=mm&r=g","caption":"Chung-Tao Hsieh"},"description":"Has just published a book in Chinese distributed in Taiwan on the French gastronomy \u00abLes Restaurants \u00e9toil\u00e9s selon Chung-Tao\u201d, Mook Publishing. Chung Tao continues his collaboration with Conde Nast Travelers on the disctrict of \u201cLe Marais\u201d in Paris as well as a report on the Parisian luxury hotels. He drafts the gastronomic column \u201cMichelin Gourmet\u201d in the monthly magazine Traveler-Luxe and the paper for \u201cLa Revue du Vin de France\u201d. He works at present with \u201cTravel Channel Asia\u201d for a series of broadcasts \u201cArt de Vivre \u00e0 la fran\u00e7aise\u201d. Chung-Tao Hsieh is listed in the prestigious \"Who's Who Wine &amp; Spirit\"."}]}},"_links":{"self":[{"href":"https:\/\/www.prix-villegiature.com\/en\/wp-json\/wp\/v2\/posts\/329"}],"collection":[{"href":"https:\/\/www.prix-villegiature.com\/en\/wp-json\/wp\/v2\/posts"}],"about":[{"href":"https:\/\/www.prix-villegiature.com\/en\/wp-json\/wp\/v2\/types\/post"}],"author":[{"embeddable":true,"href":"https:\/\/www.prix-villegiature.com\/en\/wp-json\/wp\/v2\/users\/9"}],"replies":[{"embeddable":true,"href":"https:\/\/www.prix-villegiature.com\/en\/wp-json\/wp\/v2\/comments?post=329"}],"version-history":[{"count":0,"href":"https:\/\/www.prix-villegiature.com\/en\/wp-json\/wp\/v2\/posts\/329\/revisions"}],"wp:featuredmedia":[{"embeddable":true,"href":"https:\/\/www.prix-villegiature.com\/en\/wp-json\/wp\/v2\/media\/330"}],"wp:attachment":[{"href":"https:\/\/www.prix-villegiature.com\/en\/wp-json\/wp\/v2\/media?parent=329"}],"wp:term":[{"taxonomy":"category","embeddable":true,"href":"https:\/\/www.prix-villegiature.com\/en\/wp-json\/wp\/v2\/categories?post=329"},{"taxonomy":"post_tag","embeddable":true,"href":"https:\/\/www.prix-villegiature.com\/en\/wp-json\/wp\/v2\/tags?post=329"}],"curies":[{"name":"wp","href":"https:\/\/api.w.org\/{rel}","templated":true}]}}