{"id":316,"date":"2015-10-28T00:00:00","date_gmt":"2015-10-28T00:00:00","guid":{"rendered":"https:\/\/prixvillegiatu.wpengine.com\/ercuis-raynaud-strengthens-on-the-international-stage-with-sambonet\/"},"modified":"2022-09-16T14:26:25","modified_gmt":"2022-09-16T14:26:25","slug":"ercuis-raynaud-strengthens-on-the-international-stage-with-sambonet","status":"publish","type":"post","link":"https:\/\/www.prix-villegiature.com\/en\/ercuis-raynaud-strengthens-on-the-international-stage-with-sambonet\/","title":{"rendered":"Ercuis &amp; Raynaud strengthens on the international stage with Sambonet"},"content":{"rendered":"<p>Le groupe italien Sambonet Paderno Industrie S.p. A a tout r\u00e9cemment proc\u00e9d\u00e9 \u00e0 l\u2019acquisition de la maison Ercuis, grand sp\u00e9cialiste fran\u00e7ais de l\u2019argenterie depuis 1867 et actionnaire majoritaire de Raynaud, manufacture de porcelaines cr\u00e9\u00e9e \u00e0 Limoges en 1849.<\/p>\n<a href=\"https:\/\/prixvillegiatu.wpengine.com\/wp-content\/uploads\/2022\/09\/ks_raynaud_03ok.jpg\"><img class=\"alignnone size-full wp-image-858 lazy\" alt=\"ks_raynaud_03ok\" data-src=\"https:\/\/prixvillegiatu.wpengine.com\/wp-content\/uploads\/2022\/09\/ks_raynaud_03ok.jpg\" width=\"1632\" height=\"733\" \/><\/a>\n<p>Raynaud r\u00e9alise depuis de nombreuses ann\u00e9es les troph\u00e9es des Prix Vill\u00e9giature Awards. Isabelle Ferrer Directrice commerciale internationale d\u2019Ercuis &amp; Raynaud rencontr\u00e9e ce 19 octobre \u00e0 Paris \u00e0 la remise des Prix Villegiature se r\u00e9jouit de cette alliance qui va permettre aux deux marques d\u2019amplifier leurs performances dans le monde entier.<\/p>\n","protected":false},"excerpt":{"rendered":"<p>The Italian group Sambonet Paderno Industry S.p.A. recently proceeded to the acquisition of the Maison Ercuis, the French specialist of the silverware since 1867 and majority shareholder of Raynaud, porcelain factory created in Limoges in 1849.<\/p>\n","protected":false},"author":31,"featured_media":317,"comment_status":"open","ping_status":"open","sticky":false,"template":"","format":"standard","meta":{"footnotes":""},"categories":[10],"tags":[15,21,56],"acf":[],"yoast_head":"<!-- This site is optimized with the Yoast SEO plugin v22.4 - https:\/\/yoast.com\/wordpress\/plugins\/seo\/ -->\n<title>Ercuis &amp; Raynaud strengthens on the international stage with Sambonet - Prix Villegiature<\/title>\n<meta name=\"description\" content=\"The Italian group Sambonet Paderno Industry S.p.A. recently proceeded to the acquisition of the Maison Ercuis, the French specialist of the silverware since 1867 and majority shareholder of Raynaud, porcelain factory created in Limoges in 1849.\" \/>\n<meta name=\"robots\" content=\"index, follow, max-snippet:-1, max-image-preview:large, max-video-preview:-1\" \/>\n<link rel=\"canonical\" href=\"https:\/\/www.prix-villegiature.com\/ercuis-raynaud-strengthens-on-the-international-stage-with-sambonet\/\" \/>\n<meta property=\"og:locale\" content=\"en_US\" \/>\n<meta property=\"og:type\" content=\"article\" \/>\n<meta property=\"og:title\" content=\"Ercuis &amp; Raynaud strengthens on the international stage with Sambonet - Prix Villegiature\" \/>\n<meta property=\"og:description\" content=\"The Italian group Sambonet Paderno Industry S.p.A. recently proceeded to the acquisition of the Maison Ercuis, the French specialist of the silverware since 1867 and majority shareholder of Raynaud, porcelain factory created in Limoges in 1849.\" \/>\n<meta property=\"og:url\" content=\"https:\/\/www.prix-villegiature.com\/ercuis-raynaud-strengthens-on-the-international-stage-with-sambonet\/\" \/>\n<meta property=\"og:site_name\" content=\"Prix Villegiature\" \/>\n<meta property=\"article:publisher\" content=\"https:\/\/www.facebook.com\/Villegiatureawards\/\" \/>\n<meta property=\"article:published_time\" content=\"2015-10-28T00:00:00+00:00\" \/>\n<meta property=\"article:modified_time\" content=\"2022-09-16T14:26:25+00:00\" \/>\n<meta property=\"og:image\" content=\"https:\/\/www.prix-villegiature.com\/wp-content\/uploads\/2022\/09\/ks_raynaud_03ok.jpg\" \/>\n\t<meta property=\"og:image:width\" content=\"1632\" \/>\n\t<meta property=\"og:image:height\" content=\"733\" \/>\n\t<meta property=\"og:image:type\" content=\"image\/jpeg\" \/>\n<meta name=\"author\" content=\"R\u00e9my Le Liepvre\" \/>\n<meta name=\"twitter:card\" content=\"summary_large_image\" \/>\n<meta name=\"twitter:creator\" content=\"@remyLeL\" \/>\n<meta name=\"twitter:site\" content=\"@remyLeL\" \/>\n<meta name=\"twitter:label1\" content=\"Written by\" \/>\n\t<meta name=\"twitter:data1\" content=\"R\u00e9my Le Liepvre\" \/>\n<script type=\"application\/ld+json\" class=\"yoast-schema-graph\">{\"@context\":\"https:\/\/schema.org\",\"@graph\":[{\"@type\":\"Article\",\"@id\":\"https:\/\/www.prix-villegiature.com\/ercuis-raynaud-strengthens-on-the-international-stage-with-sambonet\/#article\",\"isPartOf\":{\"@id\":\"https:\/\/www.prix-villegiature.com\/ercuis-raynaud-strengthens-on-the-international-stage-with-sambonet\/\"},\"author\":{\"name\":\"R\u00e9my Le Liepvre\",\"@id\":\"https:\/\/www.prix-villegiature.com\/#\/schema\/person\/ed8e372b42b0f21e78162f200bc78464\"},\"headline\":\"Ercuis &amp; Raynaud strengthens on the international stage with Sambonet\",\"datePublished\":\"2015-10-28T00:00:00+00:00\",\"dateModified\":\"2022-09-16T14:26:25+00:00\",\"mainEntityOfPage\":{\"@id\":\"https:\/\/www.prix-villegiature.com\/ercuis-raynaud-strengthens-on-the-international-stage-with-sambonet\/\"},\"wordCount\":107,\"commentCount\":0,\"publisher\":{\"@id\":\"https:\/\/www.prix-villegiature.com\/#organization\"},\"image\":{\"@id\":\"https:\/\/www.prix-villegiature.com\/ercuis-raynaud-strengthens-on-the-international-stage-with-sambonet\/#primaryimage\"},\"thumbnailUrl\":\"https:\/\/www.prix-villegiature.com\/wp-content\/uploads\/2022\/09\/ks_raynaud_03ok.jpg\",\"keywords\":[\"Gastronomy\",\"Personalities\",\"R\u00e9my Le Liepvre\"],\"articleSection\":[\"Hotel\"],\"inLanguage\":\"en-US\",\"potentialAction\":[{\"@type\":\"CommentAction\",\"name\":\"Comment\",\"target\":[\"https:\/\/www.prix-villegiature.com\/ercuis-raynaud-strengthens-on-the-international-stage-with-sambonet\/#respond\"]}]},{\"@type\":\"WebPage\",\"@id\":\"https:\/\/www.prix-villegiature.com\/ercuis-raynaud-strengthens-on-the-international-stage-with-sambonet\/\",\"url\":\"https:\/\/www.prix-villegiature.com\/ercuis-raynaud-strengthens-on-the-international-stage-with-sambonet\/\",\"name\":\"Ercuis &amp; Raynaud strengthens on the international stage with Sambonet - Prix Villegiature\",\"isPartOf\":{\"@id\":\"https:\/\/www.prix-villegiature.com\/#website\"},\"primaryImageOfPage\":{\"@id\":\"https:\/\/www.prix-villegiature.com\/ercuis-raynaud-strengthens-on-the-international-stage-with-sambonet\/#primaryimage\"},\"image\":{\"@id\":\"https:\/\/www.prix-villegiature.com\/ercuis-raynaud-strengthens-on-the-international-stage-with-sambonet\/#primaryimage\"},\"thumbnailUrl\":\"https:\/\/www.prix-villegiature.com\/wp-content\/uploads\/2022\/09\/ks_raynaud_03ok.jpg\",\"datePublished\":\"2015-10-28T00:00:00+00:00\",\"dateModified\":\"2022-09-16T14:26:25+00:00\",\"description\":\"The Italian group Sambonet Paderno Industry S.p.A. recently proceeded to the acquisition of the Maison Ercuis, the French specialist of the silverware since 1867 and majority shareholder of Raynaud, porcelain factory created in Limoges in 1849.\",\"breadcrumb\":{\"@id\":\"https:\/\/www.prix-villegiature.com\/ercuis-raynaud-strengthens-on-the-international-stage-with-sambonet\/#breadcrumb\"},\"inLanguage\":\"en-US\",\"potentialAction\":[{\"@type\":\"ReadAction\",\"target\":[\"https:\/\/www.prix-villegiature.com\/ercuis-raynaud-strengthens-on-the-international-stage-with-sambonet\/\"]}]},{\"@type\":\"ImageObject\",\"inLanguage\":\"en-US\",\"@id\":\"https:\/\/www.prix-villegiature.com\/ercuis-raynaud-strengthens-on-the-international-stage-with-sambonet\/#primaryimage\",\"url\":\"https:\/\/www.prix-villegiature.com\/wp-content\/uploads\/2022\/09\/ks_raynaud_03ok.jpg\",\"contentUrl\":\"https:\/\/www.prix-villegiature.com\/wp-content\/uploads\/2022\/09\/ks_raynaud_03ok.jpg\",\"width\":1632,\"height\":733},{\"@type\":\"BreadcrumbList\",\"@id\":\"https:\/\/www.prix-villegiature.com\/ercuis-raynaud-strengthens-on-the-international-stage-with-sambonet\/#breadcrumb\",\"itemListElement\":[{\"@type\":\"ListItem\",\"position\":1,\"name\":\"Home\",\"item\":\"https:\/\/www.prix-villegiature.com\/en\/\"},{\"@type\":\"ListItem\",\"position\":2,\"name\":\"Ercuis &amp; Raynaud strengthens on the international stage with Sambonet\"}]},{\"@type\":\"WebSite\",\"@id\":\"https:\/\/www.prix-villegiature.com\/#website\",\"url\":\"https:\/\/www.prix-villegiature.com\/\",\"name\":\"Prix Villegiature\",\"description\":\"Your SUPER-powered WP Engine Site\",\"publisher\":{\"@id\":\"https:\/\/www.prix-villegiature.com\/#organization\"},\"potentialAction\":[{\"@type\":\"SearchAction\",\"target\":{\"@type\":\"EntryPoint\",\"urlTemplate\":\"https:\/\/www.prix-villegiature.com\/?s={search_term_string}\"},\"query-input\":\"required name=search_term_string\"}],\"inLanguage\":\"en-US\"},{\"@type\":\"Organization\",\"@id\":\"https:\/\/www.prix-villegiature.com\/#organization\",\"name\":\"Prix Villegiature\",\"url\":\"https:\/\/www.prix-villegiature.com\/\",\"logo\":{\"@type\":\"ImageObject\",\"inLanguage\":\"en-US\",\"@id\":\"https:\/\/www.prix-villegiature.com\/#\/schema\/logo\/image\/\",\"url\":\"https:\/\/prixvillegiatu.wpengine.com\/wp-content\/uploads\/2022\/12\/Villegiature_Awards_Master_CARRE_fond_noir-OK.jpg\",\"contentUrl\":\"https:\/\/prixvillegiatu.wpengine.com\/wp-content\/uploads\/2022\/12\/Villegiature_Awards_Master_CARRE_fond_noir-OK.jpg\",\"width\":749,\"height\":750,\"caption\":\"Prix Villegiature\"},\"image\":{\"@id\":\"https:\/\/www.prix-villegiature.com\/#\/schema\/logo\/image\/\"},\"sameAs\":[\"https:\/\/www.facebook.com\/Villegiatureawards\/\",\"https:\/\/twitter.com\/remyLeL\",\"https:\/\/www.instagram.com\/villegiatureawards\/\"]},{\"@type\":\"Person\",\"@id\":\"https:\/\/www.prix-villegiature.com\/#\/schema\/person\/ed8e372b42b0f21e78162f200bc78464\",\"name\":\"R\u00e9my Le Liepvre\",\"image\":{\"@type\":\"ImageObject\",\"inLanguage\":\"en-US\",\"@id\":\"https:\/\/www.prix-villegiature.com\/#\/schema\/person\/image\/\",\"url\":\"https:\/\/secure.gravatar.com\/avatar\/71fa35e9afb9910648f6a990a5a1bb4c?s=96&d=mm&r=g\",\"contentUrl\":\"https:\/\/secure.gravatar.com\/avatar\/71fa35e9afb9910648f6a990a5a1bb4c?s=96&d=mm&r=g\",\"caption\":\"R\u00e9my Le Liepvre\"},\"description\":\"R\u00e9my Le Liepvre is founder of the Villegiature Awards created in 2003 and is Chief Editor of the \\\"VillegMag\\\" and the magazine \\\"Villegiature Mag\\\".\"}]}<\/script>\n<!-- \/ Yoast SEO plugin. -->","yoast_head_json":{"title":"Ercuis &amp; Raynaud strengthens on the international stage with Sambonet - Prix Villegiature","description":"The Italian group Sambonet Paderno Industry S.p.A. recently proceeded to the acquisition of the Maison Ercuis, the French specialist of the silverware since 1867 and majority shareholder of Raynaud, porcelain factory created in Limoges in 1849.","robots":{"index":"index","follow":"follow","max-snippet":"max-snippet:-1","max-image-preview":"max-image-preview:large","max-video-preview":"max-video-preview:-1"},"canonical":"https:\/\/www.prix-villegiature.com\/ercuis-raynaud-strengthens-on-the-international-stage-with-sambonet\/","og_locale":"en_US","og_type":"article","og_title":"Ercuis &amp; Raynaud strengthens on the international stage with Sambonet - Prix Villegiature","og_description":"The Italian group Sambonet Paderno Industry S.p.A. recently proceeded to the acquisition of the Maison Ercuis, the French specialist of the silverware since 1867 and majority shareholder of Raynaud, porcelain factory created in Limoges in 1849.","og_url":"https:\/\/www.prix-villegiature.com\/ercuis-raynaud-strengthens-on-the-international-stage-with-sambonet\/","og_site_name":"Prix Villegiature","article_publisher":"https:\/\/www.facebook.com\/Villegiatureawards\/","article_published_time":"2015-10-28T00:00:00+00:00","article_modified_time":"2022-09-16T14:26:25+00:00","og_image":[{"width":1632,"height":733,"url":"https:\/\/www.prix-villegiature.com\/wp-content\/uploads\/2022\/09\/ks_raynaud_03ok.jpg","type":"image\/jpeg"}],"author":"R\u00e9my Le Liepvre","twitter_card":"summary_large_image","twitter_creator":"@remyLeL","twitter_site":"@remyLeL","twitter_misc":{"Written by":"R\u00e9my Le Liepvre"},"schema":{"@context":"https:\/\/schema.org","@graph":[{"@type":"Article","@id":"https:\/\/www.prix-villegiature.com\/ercuis-raynaud-strengthens-on-the-international-stage-with-sambonet\/#article","isPartOf":{"@id":"https:\/\/www.prix-villegiature.com\/ercuis-raynaud-strengthens-on-the-international-stage-with-sambonet\/"},"author":{"name":"R\u00e9my Le Liepvre","@id":"https:\/\/www.prix-villegiature.com\/#\/schema\/person\/ed8e372b42b0f21e78162f200bc78464"},"headline":"Ercuis &amp; Raynaud strengthens on the international stage with Sambonet","datePublished":"2015-10-28T00:00:00+00:00","dateModified":"2022-09-16T14:26:25+00:00","mainEntityOfPage":{"@id":"https:\/\/www.prix-villegiature.com\/ercuis-raynaud-strengthens-on-the-international-stage-with-sambonet\/"},"wordCount":107,"commentCount":0,"publisher":{"@id":"https:\/\/www.prix-villegiature.com\/#organization"},"image":{"@id":"https:\/\/www.prix-villegiature.com\/ercuis-raynaud-strengthens-on-the-international-stage-with-sambonet\/#primaryimage"},"thumbnailUrl":"https:\/\/www.prix-villegiature.com\/wp-content\/uploads\/2022\/09\/ks_raynaud_03ok.jpg","keywords":["Gastronomy","Personalities","R\u00e9my Le Liepvre"],"articleSection":["Hotel"],"inLanguage":"en-US","potentialAction":[{"@type":"CommentAction","name":"Comment","target":["https:\/\/www.prix-villegiature.com\/ercuis-raynaud-strengthens-on-the-international-stage-with-sambonet\/#respond"]}]},{"@type":"WebPage","@id":"https:\/\/www.prix-villegiature.com\/ercuis-raynaud-strengthens-on-the-international-stage-with-sambonet\/","url":"https:\/\/www.prix-villegiature.com\/ercuis-raynaud-strengthens-on-the-international-stage-with-sambonet\/","name":"Ercuis &amp; Raynaud strengthens on the international stage with Sambonet - Prix Villegiature","isPartOf":{"@id":"https:\/\/www.prix-villegiature.com\/#website"},"primaryImageOfPage":{"@id":"https:\/\/www.prix-villegiature.com\/ercuis-raynaud-strengthens-on-the-international-stage-with-sambonet\/#primaryimage"},"image":{"@id":"https:\/\/www.prix-villegiature.com\/ercuis-raynaud-strengthens-on-the-international-stage-with-sambonet\/#primaryimage"},"thumbnailUrl":"https:\/\/www.prix-villegiature.com\/wp-content\/uploads\/2022\/09\/ks_raynaud_03ok.jpg","datePublished":"2015-10-28T00:00:00+00:00","dateModified":"2022-09-16T14:26:25+00:00","description":"The Italian group Sambonet Paderno Industry S.p.A. recently proceeded to the acquisition of the Maison Ercuis, the French specialist of the silverware since 1867 and majority shareholder of Raynaud, porcelain factory created in Limoges in 1849.","breadcrumb":{"@id":"https:\/\/www.prix-villegiature.com\/ercuis-raynaud-strengthens-on-the-international-stage-with-sambonet\/#breadcrumb"},"inLanguage":"en-US","potentialAction":[{"@type":"ReadAction","target":["https:\/\/www.prix-villegiature.com\/ercuis-raynaud-strengthens-on-the-international-stage-with-sambonet\/"]}]},{"@type":"ImageObject","inLanguage":"en-US","@id":"https:\/\/www.prix-villegiature.com\/ercuis-raynaud-strengthens-on-the-international-stage-with-sambonet\/#primaryimage","url":"https:\/\/www.prix-villegiature.com\/wp-content\/uploads\/2022\/09\/ks_raynaud_03ok.jpg","contentUrl":"https:\/\/www.prix-villegiature.com\/wp-content\/uploads\/2022\/09\/ks_raynaud_03ok.jpg","width":1632,"height":733},{"@type":"BreadcrumbList","@id":"https:\/\/www.prix-villegiature.com\/ercuis-raynaud-strengthens-on-the-international-stage-with-sambonet\/#breadcrumb","itemListElement":[{"@type":"ListItem","position":1,"name":"Home","item":"https:\/\/www.prix-villegiature.com\/en\/"},{"@type":"ListItem","position":2,"name":"Ercuis &amp; Raynaud strengthens on the international stage with Sambonet"}]},{"@type":"WebSite","@id":"https:\/\/www.prix-villegiature.com\/#website","url":"https:\/\/www.prix-villegiature.com\/","name":"Prix Villegiature","description":"Your SUPER-powered WP Engine Site","publisher":{"@id":"https:\/\/www.prix-villegiature.com\/#organization"},"potentialAction":[{"@type":"SearchAction","target":{"@type":"EntryPoint","urlTemplate":"https:\/\/www.prix-villegiature.com\/?s={search_term_string}"},"query-input":"required name=search_term_string"}],"inLanguage":"en-US"},{"@type":"Organization","@id":"https:\/\/www.prix-villegiature.com\/#organization","name":"Prix Villegiature","url":"https:\/\/www.prix-villegiature.com\/","logo":{"@type":"ImageObject","inLanguage":"en-US","@id":"https:\/\/www.prix-villegiature.com\/#\/schema\/logo\/image\/","url":"https:\/\/prixvillegiatu.wpengine.com\/wp-content\/uploads\/2022\/12\/Villegiature_Awards_Master_CARRE_fond_noir-OK.jpg","contentUrl":"https:\/\/prixvillegiatu.wpengine.com\/wp-content\/uploads\/2022\/12\/Villegiature_Awards_Master_CARRE_fond_noir-OK.jpg","width":749,"height":750,"caption":"Prix Villegiature"},"image":{"@id":"https:\/\/www.prix-villegiature.com\/#\/schema\/logo\/image\/"},"sameAs":["https:\/\/www.facebook.com\/Villegiatureawards\/","https:\/\/twitter.com\/remyLeL","https:\/\/www.instagram.com\/villegiatureawards\/"]},{"@type":"Person","@id":"https:\/\/www.prix-villegiature.com\/#\/schema\/person\/ed8e372b42b0f21e78162f200bc78464","name":"R\u00e9my Le Liepvre","image":{"@type":"ImageObject","inLanguage":"en-US","@id":"https:\/\/www.prix-villegiature.com\/#\/schema\/person\/image\/","url":"https:\/\/secure.gravatar.com\/avatar\/71fa35e9afb9910648f6a990a5a1bb4c?s=96&d=mm&r=g","contentUrl":"https:\/\/secure.gravatar.com\/avatar\/71fa35e9afb9910648f6a990a5a1bb4c?s=96&d=mm&r=g","caption":"R\u00e9my Le Liepvre"},"description":"R\u00e9my Le Liepvre is founder of the Villegiature Awards created in 2003 and is Chief Editor of the \"VillegMag\" and the magazine \"Villegiature Mag\"."}]}},"_links":{"self":[{"href":"https:\/\/www.prix-villegiature.com\/en\/wp-json\/wp\/v2\/posts\/316"}],"collection":[{"href":"https:\/\/www.prix-villegiature.com\/en\/wp-json\/wp\/v2\/posts"}],"about":[{"href":"https:\/\/www.prix-villegiature.com\/en\/wp-json\/wp\/v2\/types\/post"}],"author":[{"embeddable":true,"href":"https:\/\/www.prix-villegiature.com\/en\/wp-json\/wp\/v2\/users\/31"}],"replies":[{"embeddable":true,"href":"https:\/\/www.prix-villegiature.com\/en\/wp-json\/wp\/v2\/comments?post=316"}],"version-history":[{"count":0,"href":"https:\/\/www.prix-villegiature.com\/en\/wp-json\/wp\/v2\/posts\/316\/revisions"}],"wp:featuredmedia":[{"embeddable":true,"href":"https:\/\/www.prix-villegiature.com\/en\/wp-json\/wp\/v2\/media\/317"}],"wp:attachment":[{"href":"https:\/\/www.prix-villegiature.com\/en\/wp-json\/wp\/v2\/media?parent=316"}],"wp:term":[{"taxonomy":"category","embeddable":true,"href":"https:\/\/www.prix-villegiature.com\/en\/wp-json\/wp\/v2\/categories?post=316"},{"taxonomy":"post_tag","embeddable":true,"href":"https:\/\/www.prix-villegiature.com\/en\/wp-json\/wp\/v2\/tags?post=316"}],"curies":[{"name":"wp","href":"https:\/\/api.w.org\/{rel}","templated":true}]}}